{"id":585,"date":"2021-05-02T15:53:34","date_gmt":"2021-05-02T13:53:34","guid":{"rendered":"https:\/\/kiefheim.de\/blog\/?p=585"},"modified":"2021-05-11T09:43:50","modified_gmt":"2021-05-11T07:43:50","slug":"zusammensetzung-substantiv-adjektiv","status":"publish","type":"post","link":"https:\/\/kiefheim.de\/blog\/zusammensetzung-substantiv-adjektiv\/","title":{"rendered":"Zusammensetzungen aus Substantiv und Adjektiv: \u201eBruch gef\u00e4hrdet\u201c"},"content":{"rendered":"<h2>Kiefheim kl\u00e4rt auf.<\/h2>\n<p><img loading=\"lazy\" decoding=\"async\" class=\"alignright wp-image-541\" src=\"https:\/\/kiefheim.de\/blog\/wp-content\/uploads\/2021\/04\/5_bruch-gefaehrdet-300x199.jpg\" alt=\"Schild am Baum: &quot;Lebensgefahr! B\u00e4ume Bruch gef\u00e4hrdet&quot;\" width=\"450\" height=\"298\" srcset=\"https:\/\/kiefheim.de\/blog\/wp-content\/uploads\/2021\/04\/5_bruch-gefaehrdet-300x199.jpg 300w, https:\/\/kiefheim.de\/blog\/wp-content\/uploads\/2021\/04\/5_bruch-gefaehrdet-494x327.jpg 494w, https:\/\/kiefheim.de\/blog\/wp-content\/uploads\/2021\/04\/5_bruch-gefaehrdet-498x330.jpg 498w, https:\/\/kiefheim.de\/blog\/wp-content\/uploads\/2021\/04\/5_bruch-gefaehrdet.jpg 714w\" sizes=\"auto, (max-width: 450px) 100vw, 450px\" \/><\/p>\n<p><em>Bei einem Herbstspaziergang fiel mir dieses Schild auf, es hing hinter einem Zaun am Baum:<\/em><\/p>\n<p>\u201eLebensgefahr! B\u00e4ume Bruch gef\u00e4hrdet\u201c<\/p>\n<p><em>Dies ist ein sch\u00f6nes Beispiel f\u00fcr einen Denkfehler, den man h\u00e4ufiger entdecken kann.<\/em><\/p>\n<h2>Was ist hier das Problem?<\/h2>\n<p>Man versteht schon, wovor hier gewarnt wird: Es besteht die Gefahr, dass \u00c4ste von den B\u00e4umen abbrechen und beim Herabfallen jemanden erschlagen k\u00f6nnen.<\/p>\n<p>Auf dem Schild wird aus dem Abbrechen der \u201eBruch\u201c, und die B\u00e4ume sind \u201egef\u00e4hrdet\u201c. Tats\u00e4chlich sind sie aber nicht \u201eBruch&nbsp;gef\u00e4hrdet\u201c, sondern \u201ebruchgef\u00e4hrdet\u201c.<\/p>\n<p>Die beiden W\u00f6rter \u201eBruch\u201c und \u201egef\u00e4hrdet\u201c verbinden sich hier zu einem neuen Ausdruck mit einer eigenen Bedeutung. Deswegen muss man sie in einem Wort zusammenschreiben, hier sind die Regeln der deutschen Sprache kompromisslos.<\/p>\n<h3>Schreibweise von Zusammensetzungen aus Substantiv und Adjektiv<\/h3>\n<p>Das so entstandene Wort ist ein Adjektiv, die Wortart wird n\u00e4mlich durch den letzten Teil eines Wortes bestimmt. Adjektive beginnen in der Regel mit einem Kleinbuchstaben, deswegen wird das neue Wort kleingeschrieben, \u201ebruchgef\u00e4hrdet\u201c. Das gilt auch dann, wenn der erste Teil ein Substantiv ist \u2013 hier \u201eBruch\u201c\u00a0\u2013 und beim Soloauftritt gro\u00dfgeschrieben w\u00fcrde.<\/p>\n<h2>Wie geht es besser?<\/h2>\n<p>Die korrekte Schreibweise ist \u201ebruchgef\u00e4hrdet\u201c. Von der Rechtschreibung abgesehen w\u00e4re es allerdings geschickter, nicht das Problem zu nennen, sondern seine Folgen f\u00fcr die Menschen, die hier spazierengehen wollen. Vorschlag: \u201eLebensgefahr durch herabfallende \u00c4ste!\u201c<\/p>\n<p>&nbsp;<\/p>\n","protected":false},"excerpt":{"rendered":"<p>Kiefheim kl\u00e4rt auf. Bei einem Herbstspaziergang fiel mir dieses Schild auf, es hing hinter einem Zaun am Baum: \u201eLebensgefahr! B\u00e4ume Bruch gef\u00e4hrdet\u201c Dies ist ein sch\u00f6nes Beispiel f\u00fcr einen Denkfehler,\u00a0\u2026<\/p>\n","protected":false},"author":2,"featured_media":541,"comment_status":"open","ping_status":"open","sticky":false,"template":"","format":"standard","meta":{"footnotes":""},"categories":[32],"tags":[51,22,53,52],"class_list":["post-585","post","type-post","status-publish","format-standard","has-post-thumbnail","hentry","category-kiefheim-klaert-auf","tag-adjektiv","tag-kiefheim-klaert-auf","tag-substantiv","tag-zusammensetzung"],"yoast_head":"<!-- This site is optimized with the Yoast SEO plugin v27.5 - https:\/\/yoast.com\/product\/yoast-seo-wordpress\/ -->\n<title>Zusammensetzungen aus Substantiv und Adjektiv: \u201eBruch gef\u00e4hrdet\u201c &#8211; Kiefheim bloggt.<\/title>\n<meta name=\"description\" content=\"Wie schreibt man Zusammensetzungen aus Substantiv und Adjektiv richtig? Gro\u00df oder klein? Zusammen oder auseinander? Kiefheim kl\u00e4rt auf!\" \/>\n<meta name=\"robots\" content=\"index, follow, max-snippet:-1, max-image-preview:large, max-video-preview:-1\" \/>\n<link rel=\"canonical\" href=\"https:\/\/kiefheim.de\/blog\/zusammensetzung-substantiv-adjektiv\/\" \/>\n<script type=\"application\/ld+json\" class=\"yoast-schema-graph\">{\"@context\":\"https:\\\/\\\/schema.org\",\"@graph\":[{\"@type\":\"Article\",\"@id\":\"https:\\\/\\\/kiefheim.de\\\/blog\\\/zusammensetzung-substantiv-adjektiv\\\/#article\",\"isPartOf\":{\"@id\":\"https:\\\/\\\/kiefheim.de\\\/blog\\\/zusammensetzung-substantiv-adjektiv\\\/\"},\"author\":{\"name\":\"Textfachfrau\",\"@id\":\"https:\\\/\\\/kiefheim.de\\\/blog\\\/#\\\/schema\\\/person\\\/1aa95031ab72a9e29be0aee681952d8a\"},\"headline\":\"Zusammensetzungen aus Substantiv und Adjektiv: \u201eBruch gef\u00e4hrdet\u201c\",\"datePublished\":\"2021-05-02T13:53:34+00:00\",\"dateModified\":\"2021-05-11T07:43:50+00:00\",\"mainEntityOfPage\":{\"@id\":\"https:\\\/\\\/kiefheim.de\\\/blog\\\/zusammensetzung-substantiv-adjektiv\\\/\"},\"wordCount\":246,\"commentCount\":0,\"publisher\":{\"@id\":\"https:\\\/\\\/kiefheim.de\\\/blog\\\/#organization\"},\"image\":{\"@id\":\"https:\\\/\\\/kiefheim.de\\\/blog\\\/zusammensetzung-substantiv-adjektiv\\\/#primaryimage\"},\"thumbnailUrl\":\"https:\\\/\\\/kiefheim.de\\\/blog\\\/wp-content\\\/uploads\\\/2021\\\/04\\\/5_bruch-gefaehrdet.jpg\",\"keywords\":[\"Adjektiv\",\"Kiefheim kl\u00e4rt auf\",\"Substantiv\",\"Zusammensetzung\"],\"articleSection\":[\"Kiefheim kl\u00e4rt auf\"],\"inLanguage\":\"de\",\"potentialAction\":[{\"@type\":\"CommentAction\",\"name\":\"Comment\",\"target\":[\"https:\\\/\\\/kiefheim.de\\\/blog\\\/zusammensetzung-substantiv-adjektiv\\\/#respond\"]}]},{\"@type\":\"WebPage\",\"@id\":\"https:\\\/\\\/kiefheim.de\\\/blog\\\/zusammensetzung-substantiv-adjektiv\\\/\",\"url\":\"https:\\\/\\\/kiefheim.de\\\/blog\\\/zusammensetzung-substantiv-adjektiv\\\/\",\"name\":\"Zusammensetzungen aus Substantiv und Adjektiv: \u201eBruch gef\u00e4hrdet\u201c &#8211; Kiefheim bloggt.\",\"isPartOf\":{\"@id\":\"https:\\\/\\\/kiefheim.de\\\/blog\\\/#website\"},\"primaryImageOfPage\":{\"@id\":\"https:\\\/\\\/kiefheim.de\\\/blog\\\/zusammensetzung-substantiv-adjektiv\\\/#primaryimage\"},\"image\":{\"@id\":\"https:\\\/\\\/kiefheim.de\\\/blog\\\/zusammensetzung-substantiv-adjektiv\\\/#primaryimage\"},\"thumbnailUrl\":\"https:\\\/\\\/kiefheim.de\\\/blog\\\/wp-content\\\/uploads\\\/2021\\\/04\\\/5_bruch-gefaehrdet.jpg\",\"datePublished\":\"2021-05-02T13:53:34+00:00\",\"dateModified\":\"2021-05-11T07:43:50+00:00\",\"description\":\"Wie schreibt man Zusammensetzungen aus Substantiv und Adjektiv richtig? Gro\u00df oder klein? Zusammen oder auseinander? Kiefheim kl\u00e4rt auf!\",\"breadcrumb\":{\"@id\":\"https:\\\/\\\/kiefheim.de\\\/blog\\\/zusammensetzung-substantiv-adjektiv\\\/#breadcrumb\"},\"inLanguage\":\"de\",\"potentialAction\":[{\"@type\":\"ReadAction\",\"target\":[\"https:\\\/\\\/kiefheim.de\\\/blog\\\/zusammensetzung-substantiv-adjektiv\\\/\"]}]},{\"@type\":\"ImageObject\",\"inLanguage\":\"de\",\"@id\":\"https:\\\/\\\/kiefheim.de\\\/blog\\\/zusammensetzung-substantiv-adjektiv\\\/#primaryimage\",\"url\":\"https:\\\/\\\/kiefheim.de\\\/blog\\\/wp-content\\\/uploads\\\/2021\\\/04\\\/5_bruch-gefaehrdet.jpg\",\"contentUrl\":\"https:\\\/\\\/kiefheim.de\\\/blog\\\/wp-content\\\/uploads\\\/2021\\\/04\\\/5_bruch-gefaehrdet.jpg\",\"width\":714,\"height\":473,\"caption\":\"Schild am Baum: \\\"Lebensgefahr! B\u00e4ume Bruch gef\u00e4hrdet\\\"\"},{\"@type\":\"BreadcrumbList\",\"@id\":\"https:\\\/\\\/kiefheim.de\\\/blog\\\/zusammensetzung-substantiv-adjektiv\\\/#breadcrumb\",\"itemListElement\":[{\"@type\":\"ListItem\",\"position\":1,\"name\":\"Startseite\",\"item\":\"https:\\\/\\\/kiefheim.de\\\/blog\\\/\"},{\"@type\":\"ListItem\",\"position\":2,\"name\":\"Zusammensetzungen aus Substantiv und Adjektiv: \u201eBruch gef\u00e4hrdet\u201c\"}]},{\"@type\":\"WebSite\",\"@id\":\"https:\\\/\\\/kiefheim.de\\\/blog\\\/#website\",\"url\":\"https:\\\/\\\/kiefheim.de\\\/blog\\\/\",\"name\":\"Kiefheim bloggt.\",\"description\":\"Katja Heimann-Kiefer schreibt \u00fcber \u00dcbersetzen, Sprache und Text. Und \u00fcber den ganzen Rest.\",\"publisher\":{\"@id\":\"https:\\\/\\\/kiefheim.de\\\/blog\\\/#organization\"},\"potentialAction\":[{\"@type\":\"SearchAction\",\"target\":{\"@type\":\"EntryPoint\",\"urlTemplate\":\"https:\\\/\\\/kiefheim.de\\\/blog\\\/?s={search_term_string}\"},\"query-input\":{\"@type\":\"PropertyValueSpecification\",\"valueRequired\":true,\"valueName\":\"search_term_string\"}}],\"inLanguage\":\"de\"},{\"@type\":\"Organization\",\"@id\":\"https:\\\/\\\/kiefheim.de\\\/blog\\\/#organization\",\"name\":\"Kiefheim\",\"url\":\"https:\\\/\\\/kiefheim.de\\\/blog\\\/\",\"logo\":{\"@type\":\"ImageObject\",\"inLanguage\":\"de\",\"@id\":\"https:\\\/\\\/kiefheim.de\\\/blog\\\/#\\\/schema\\\/logo\\\/image\\\/\",\"url\":\"https:\\\/\\\/kiefheim.de\\\/blog\\\/wp-content\\\/uploads\\\/2021\\\/04\\\/Kiefheim2019.png\",\"contentUrl\":\"https:\\\/\\\/kiefheim.de\\\/blog\\\/wp-content\\\/uploads\\\/2021\\\/04\\\/Kiefheim2019.png\",\"width\":800,\"height\":334,\"caption\":\"Kiefheim\"},\"image\":{\"@id\":\"https:\\\/\\\/kiefheim.de\\\/blog\\\/#\\\/schema\\\/logo\\\/image\\\/\"}},{\"@type\":\"Person\",\"@id\":\"https:\\\/\\\/kiefheim.de\\\/blog\\\/#\\\/schema\\\/person\\\/1aa95031ab72a9e29be0aee681952d8a\",\"name\":\"Textfachfrau\",\"image\":{\"@type\":\"ImageObject\",\"inLanguage\":\"de\",\"@id\":\"https:\\\/\\\/secure.gravatar.com\\\/avatar\\\/cd58c6a26ed41f03e102e3916f067084c45f87f1b81cdc8d14d2bbfff9ce77e9?s=96&d=blank&r=g\",\"url\":\"https:\\\/\\\/secure.gravatar.com\\\/avatar\\\/cd58c6a26ed41f03e102e3916f067084c45f87f1b81cdc8d14d2bbfff9ce77e9?s=96&d=blank&r=g\",\"contentUrl\":\"https:\\\/\\\/secure.gravatar.com\\\/avatar\\\/cd58c6a26ed41f03e102e3916f067084c45f87f1b81cdc8d14d2bbfff9ce77e9?s=96&d=blank&r=g\",\"caption\":\"Textfachfrau\"},\"sameAs\":[\"http:\\\/\\\/kiefheim.de\"]}]}<\/script>\n<!-- \/ Yoast SEO plugin. -->","yoast_head_json":{"title":"Zusammensetzungen aus Substantiv und Adjektiv: \u201eBruch gef\u00e4hrdet\u201c &#8211; Kiefheim bloggt.","description":"Wie schreibt man Zusammensetzungen aus Substantiv und Adjektiv richtig? Gro\u00df oder klein? Zusammen oder auseinander? Kiefheim kl\u00e4rt auf!","robots":{"index":"index","follow":"follow","max-snippet":"max-snippet:-1","max-image-preview":"max-image-preview:large","max-video-preview":"max-video-preview:-1"},"canonical":"https:\/\/kiefheim.de\/blog\/zusammensetzung-substantiv-adjektiv\/","schema":{"@context":"https:\/\/schema.org","@graph":[{"@type":"Article","@id":"https:\/\/kiefheim.de\/blog\/zusammensetzung-substantiv-adjektiv\/#article","isPartOf":{"@id":"https:\/\/kiefheim.de\/blog\/zusammensetzung-substantiv-adjektiv\/"},"author":{"name":"Textfachfrau","@id":"https:\/\/kiefheim.de\/blog\/#\/schema\/person\/1aa95031ab72a9e29be0aee681952d8a"},"headline":"Zusammensetzungen aus Substantiv und Adjektiv: \u201eBruch gef\u00e4hrdet\u201c","datePublished":"2021-05-02T13:53:34+00:00","dateModified":"2021-05-11T07:43:50+00:00","mainEntityOfPage":{"@id":"https:\/\/kiefheim.de\/blog\/zusammensetzung-substantiv-adjektiv\/"},"wordCount":246,"commentCount":0,"publisher":{"@id":"https:\/\/kiefheim.de\/blog\/#organization"},"image":{"@id":"https:\/\/kiefheim.de\/blog\/zusammensetzung-substantiv-adjektiv\/#primaryimage"},"thumbnailUrl":"https:\/\/kiefheim.de\/blog\/wp-content\/uploads\/2021\/04\/5_bruch-gefaehrdet.jpg","keywords":["Adjektiv","Kiefheim kl\u00e4rt auf","Substantiv","Zusammensetzung"],"articleSection":["Kiefheim kl\u00e4rt auf"],"inLanguage":"de","potentialAction":[{"@type":"CommentAction","name":"Comment","target":["https:\/\/kiefheim.de\/blog\/zusammensetzung-substantiv-adjektiv\/#respond"]}]},{"@type":"WebPage","@id":"https:\/\/kiefheim.de\/blog\/zusammensetzung-substantiv-adjektiv\/","url":"https:\/\/kiefheim.de\/blog\/zusammensetzung-substantiv-adjektiv\/","name":"Zusammensetzungen aus Substantiv und Adjektiv: \u201eBruch gef\u00e4hrdet\u201c &#8211; Kiefheim bloggt.","isPartOf":{"@id":"https:\/\/kiefheim.de\/blog\/#website"},"primaryImageOfPage":{"@id":"https:\/\/kiefheim.de\/blog\/zusammensetzung-substantiv-adjektiv\/#primaryimage"},"image":{"@id":"https:\/\/kiefheim.de\/blog\/zusammensetzung-substantiv-adjektiv\/#primaryimage"},"thumbnailUrl":"https:\/\/kiefheim.de\/blog\/wp-content\/uploads\/2021\/04\/5_bruch-gefaehrdet.jpg","datePublished":"2021-05-02T13:53:34+00:00","dateModified":"2021-05-11T07:43:50+00:00","description":"Wie schreibt man Zusammensetzungen aus Substantiv und Adjektiv richtig? Gro\u00df oder klein? Zusammen oder auseinander? Kiefheim kl\u00e4rt auf!","breadcrumb":{"@id":"https:\/\/kiefheim.de\/blog\/zusammensetzung-substantiv-adjektiv\/#breadcrumb"},"inLanguage":"de","potentialAction":[{"@type":"ReadAction","target":["https:\/\/kiefheim.de\/blog\/zusammensetzung-substantiv-adjektiv\/"]}]},{"@type":"ImageObject","inLanguage":"de","@id":"https:\/\/kiefheim.de\/blog\/zusammensetzung-substantiv-adjektiv\/#primaryimage","url":"https:\/\/kiefheim.de\/blog\/wp-content\/uploads\/2021\/04\/5_bruch-gefaehrdet.jpg","contentUrl":"https:\/\/kiefheim.de\/blog\/wp-content\/uploads\/2021\/04\/5_bruch-gefaehrdet.jpg","width":714,"height":473,"caption":"Schild am Baum: \"Lebensgefahr! B\u00e4ume Bruch gef\u00e4hrdet\""},{"@type":"BreadcrumbList","@id":"https:\/\/kiefheim.de\/blog\/zusammensetzung-substantiv-adjektiv\/#breadcrumb","itemListElement":[{"@type":"ListItem","position":1,"name":"Startseite","item":"https:\/\/kiefheim.de\/blog\/"},{"@type":"ListItem","position":2,"name":"Zusammensetzungen aus Substantiv und Adjektiv: \u201eBruch gef\u00e4hrdet\u201c"}]},{"@type":"WebSite","@id":"https:\/\/kiefheim.de\/blog\/#website","url":"https:\/\/kiefheim.de\/blog\/","name":"Kiefheim bloggt.","description":"Katja Heimann-Kiefer schreibt \u00fcber \u00dcbersetzen, Sprache und Text. Und \u00fcber den ganzen Rest.","publisher":{"@id":"https:\/\/kiefheim.de\/blog\/#organization"},"potentialAction":[{"@type":"SearchAction","target":{"@type":"EntryPoint","urlTemplate":"https:\/\/kiefheim.de\/blog\/?s={search_term_string}"},"query-input":{"@type":"PropertyValueSpecification","valueRequired":true,"valueName":"search_term_string"}}],"inLanguage":"de"},{"@type":"Organization","@id":"https:\/\/kiefheim.de\/blog\/#organization","name":"Kiefheim","url":"https:\/\/kiefheim.de\/blog\/","logo":{"@type":"ImageObject","inLanguage":"de","@id":"https:\/\/kiefheim.de\/blog\/#\/schema\/logo\/image\/","url":"https:\/\/kiefheim.de\/blog\/wp-content\/uploads\/2021\/04\/Kiefheim2019.png","contentUrl":"https:\/\/kiefheim.de\/blog\/wp-content\/uploads\/2021\/04\/Kiefheim2019.png","width":800,"height":334,"caption":"Kiefheim"},"image":{"@id":"https:\/\/kiefheim.de\/blog\/#\/schema\/logo\/image\/"}},{"@type":"Person","@id":"https:\/\/kiefheim.de\/blog\/#\/schema\/person\/1aa95031ab72a9e29be0aee681952d8a","name":"Textfachfrau","image":{"@type":"ImageObject","inLanguage":"de","@id":"https:\/\/secure.gravatar.com\/avatar\/cd58c6a26ed41f03e102e3916f067084c45f87f1b81cdc8d14d2bbfff9ce77e9?s=96&d=blank&r=g","url":"https:\/\/secure.gravatar.com\/avatar\/cd58c6a26ed41f03e102e3916f067084c45f87f1b81cdc8d14d2bbfff9ce77e9?s=96&d=blank&r=g","contentUrl":"https:\/\/secure.gravatar.com\/avatar\/cd58c6a26ed41f03e102e3916f067084c45f87f1b81cdc8d14d2bbfff9ce77e9?s=96&d=blank&r=g","caption":"Textfachfrau"},"sameAs":["http:\/\/kiefheim.de"]}]}},"_links":{"self":[{"href":"https:\/\/kiefheim.de\/blog\/wp-json\/wp\/v2\/posts\/585","targetHints":{"allow":["GET"]}}],"collection":[{"href":"https:\/\/kiefheim.de\/blog\/wp-json\/wp\/v2\/posts"}],"about":[{"href":"https:\/\/kiefheim.de\/blog\/wp-json\/wp\/v2\/types\/post"}],"author":[{"embeddable":true,"href":"https:\/\/kiefheim.de\/blog\/wp-json\/wp\/v2\/users\/2"}],"replies":[{"embeddable":true,"href":"https:\/\/kiefheim.de\/blog\/wp-json\/wp\/v2\/comments?post=585"}],"version-history":[{"count":5,"href":"https:\/\/kiefheim.de\/blog\/wp-json\/wp\/v2\/posts\/585\/revisions"}],"predecessor-version":[{"id":639,"href":"https:\/\/kiefheim.de\/blog\/wp-json\/wp\/v2\/posts\/585\/revisions\/639"}],"wp:featuredmedia":[{"embeddable":true,"href":"https:\/\/kiefheim.de\/blog\/wp-json\/wp\/v2\/media\/541"}],"wp:attachment":[{"href":"https:\/\/kiefheim.de\/blog\/wp-json\/wp\/v2\/media?parent=585"}],"wp:term":[{"taxonomy":"category","embeddable":true,"href":"https:\/\/kiefheim.de\/blog\/wp-json\/wp\/v2\/categories?post=585"},{"taxonomy":"post_tag","embeddable":true,"href":"https:\/\/kiefheim.de\/blog\/wp-json\/wp\/v2\/tags?post=585"}],"curies":[{"name":"wp","href":"https:\/\/api.w.org\/{rel}","templated":true}]}}